{"id":12,"date":"2020-09-25T07:42:25","date_gmt":"2020-09-25T07:42:25","guid":{"rendered":"https:\/\/www.turismo-veloce.hu\/?p=12"},"modified":"2025-03-17T11:14:08","modified_gmt":"2025-03-17T11:14:08","slug":"turismo-veloce-800-lusso","status":"publish","type":"post","link":"https:\/\/turismo-veloce.hu\/index.php\/2020\/09\/25\/turismo-veloce-800-lusso\/","title":{"rendered":"Mv Agusta Turismo Veloce 800 Lusso"},"content":{"rendered":"<p style=\"text-align: center;\"><strong>Az MV Agusta valaha k\u00e9sz\u00fclt legmer\u00e9szebb ker\u00e9kp\u00e1rja! A Turismo Veloce 800 Lusso t\u00f6k\u00e9letes kombin\u00e1ci\u00f3t jelent a puszta vezet\u00e9si \u00e9lm\u00e9ny \u00e9s a v\u00e9gtelen utaz\u00e1s sz\u00e1m\u00e1ra.\u00a0<\/strong><\/p>\n<blockquote>\n<h3 style=\"text-align: center;\">&#8222;Ez\u00fattal nem a 75 vil\u00e1gbajnoki c\u00edm\u00fcnkb\u0151l vagy a legend\u00e1s versenyz\u0151inkb\u0151l vett\u00fck az inspir\u00e1ci\u00f3t \u00faj sebess\u00e9g- vagy teljes\u00edtm\u00e9nyrekordok fel\u00e1ll\u00edt\u00e1s\u00e1hoz. Elfogadtuk a kih\u00edv\u00e1st, amely tal\u00e1n m\u00e9g nehezebb volt, legal\u00e1bbis sz\u00e1munkra, akik otthon \u00e9rezz\u00fck magunkat a p\u00e1ly\u00e1n, \u00e9s gyakran els\u0151k\u00e9nt l\u00e1tjuk a kock\u00e1s z\u00e1szl\u00f3 lebeg\u00e9s\u00e9t.&#8221;<\/h3>\n<\/blockquote>\n<p><img loading=\"lazy\" decoding=\"async\" class=\"size-medium wp-image-15 aligncenter\" src=\"https:\/\/www.turismo-veloce.hu\/wp-content\/uploads\/2020\/09\/sites_default_files_bikes_52_mdp2755-1-300x169.jpg\" alt=\"\" width=\"300\" height=\"169\" title=\"\" srcset=\"https:\/\/turismo-veloce.hu\/wp-content\/uploads\/2020\/09\/sites_default_files_bikes_52_mdp2755-1-300x169.jpg 300w, https:\/\/turismo-veloce.hu\/wp-content\/uploads\/2020\/09\/sites_default_files_bikes_52_mdp2755-1-1024x576.jpg 1024w, https:\/\/turismo-veloce.hu\/wp-content\/uploads\/2020\/09\/sites_default_files_bikes_52_mdp2755-1-768x432.jpg 768w, https:\/\/turismo-veloce.hu\/wp-content\/uploads\/2020\/09\/sites_default_files_bikes_52_mdp2755-1-1536x864.jpg 1536w, https:\/\/turismo-veloce.hu\/wp-content\/uploads\/2020\/09\/sites_default_files_bikes_52_mdp2755-1.jpg 1920w\" sizes=\"auto, (max-width: 300px) 100vw, 300px\" \/><\/p>\n<h3 style=\"text-align: center;\">A motorker\u00e9kp\u00e1r a tervez\u00e9si priorit\u00e1sok \u00fajradefini\u00e1l\u00e1s\u00e1t jelentette. K\u00e9nyelem, teherb\u00edr\u00e1s, z\u00f6kken\u0151mentes \u00fczemeltet\u00e9s, alacsony \u00fczemanyag-fogyaszt\u00e1s, hosszabb szervizintervallumok \u00e9s minden m\u00e1s, amit a v\u00e1s\u00e1rl\u00f3 a t\u00far\u00e1z\u00e1sra tervezett ker\u00e9kp\u00e1rban keres.<\/h3>\n<h3 style=\"text-align: center;\">K\u00e9t v\u00e1ltozatban kaphat\u00f3: Turismo Veloce 800 Lusso \u00e9s Turismo Veloce 800 Lusso SCS. Mindkett\u0151 a ma el\u00e9rhet\u0151 abszol\u00fat legjobb technol\u00f3gi\u00e1t testes\u00edti meg. Az MVCSC (MV Agusta Chassis Stability Control) elektronikai csomagt\u00f3l kezdve az MVICS 2.0-ig (motoros \u00e9s j\u00e1rm\u0171be integr\u00e1lt vez\u00e9rl\u0151rendszer) inerci\u00e1lis platformmal \u00e9s a leg\u00fajabb gener\u00e1ci\u00f3s Bosch ABS-ig.<\/h3>\n<p><img loading=\"lazy\" decoding=\"async\" class=\"size-medium wp-image-13 aligncenter\" src=\"https:\/\/www.turismo-veloce.hu\/wp-content\/uploads\/2020\/09\/sites_default_files_bikes_52_mdp0773-300x169.jpg\" alt=\"\" width=\"300\" height=\"169\" title=\"\" srcset=\"https:\/\/turismo-veloce.hu\/wp-content\/uploads\/2020\/09\/sites_default_files_bikes_52_mdp0773-300x169.jpg 300w, https:\/\/turismo-veloce.hu\/wp-content\/uploads\/2020\/09\/sites_default_files_bikes_52_mdp0773-1024x576.jpg 1024w, https:\/\/turismo-veloce.hu\/wp-content\/uploads\/2020\/09\/sites_default_files_bikes_52_mdp0773-768x432.jpg 768w, https:\/\/turismo-veloce.hu\/wp-content\/uploads\/2020\/09\/sites_default_files_bikes_52_mdp0773-1536x864.jpg 1536w, https:\/\/turismo-veloce.hu\/wp-content\/uploads\/2020\/09\/sites_default_files_bikes_52_mdp0773.jpg 1920w\" sizes=\"auto, (max-width: 300px) 100vw, 300px\" \/><\/p>\n<h3 style=\"text-align: center;\">&#8222;Tipikus MV Agusta st\u00edlusban \u00fagy d\u00f6nt\u00f6tt\u00fcnk, hogy \u00e1tvessz\u00fck az \u00f6sszes motort\u00e9rk\u00e9pen el\u00e9rhet\u0151 elektronikus fel \u00e9s le EAS 2.0 sebess\u00e9gv\u00e1lt\u00f3t, m\u00e9g ezen a t\u00fara ker\u00e9kp\u00e1ron is. A tervez\u00e9s \u00e1tfog\u00f3 \u00faj\u00edt\u00e1sa a r\u00e9szletekben is megjelenik. Mint p\u00e9ld\u00e1ul a Full LED f\u00e9nyklaszterek, a sz\u00ednes m\u0171szerek TFT technol\u00f3gi\u00e1val, a be\u00e9p\u00edtett Bluetooth eszk\u00f6z, amely lehet\u0151v\u00e9 teszi ak\u00e1r 9 k\u00fcl\u00f6nb\u00f6z\u0151 eszk\u00f6z p\u00e1ros\u00edt\u00e1s\u00e1t. Az ind\u00edt\u00e1sg\u00e1tl\u00f3, k\u00e9t USB aljzat \u00e9s k\u00e9t 12 V-os t\u00e1pfesz\u00fclts\u00e9g is gazdag\u00edtja.&#8221;<\/h3>\n<p><img loading=\"lazy\" decoding=\"async\" class=\"size-medium wp-image-14 aligncenter\" src=\"https:\/\/www.turismo-veloce.hu\/wp-content\/uploads\/2020\/09\/sites_default_files_bikes_52_mdp0833-300x169.jpg\" alt=\"\" width=\"300\" height=\"169\" title=\"\" srcset=\"https:\/\/turismo-veloce.hu\/wp-content\/uploads\/2020\/09\/sites_default_files_bikes_52_mdp0833-300x169.jpg 300w, https:\/\/turismo-veloce.hu\/wp-content\/uploads\/2020\/09\/sites_default_files_bikes_52_mdp0833-1024x576.jpg 1024w, https:\/\/turismo-veloce.hu\/wp-content\/uploads\/2020\/09\/sites_default_files_bikes_52_mdp0833-768x432.jpg 768w, https:\/\/turismo-veloce.hu\/wp-content\/uploads\/2020\/09\/sites_default_files_bikes_52_mdp0833-1536x864.jpg 1536w, https:\/\/turismo-veloce.hu\/wp-content\/uploads\/2020\/09\/sites_default_files_bikes_52_mdp0833.jpg 1920w\" sizes=\"auto, (max-width: 300px) 100vw, 300px\" \/><\/p>\n<h3 style=\"text-align: center;\">A Lusso (luxus) v\u00e1ltozat m\u00e9g magasabbra emeli a Turismo 800 m\u0171szaki sz\u00ednvonal\u00e1t, alapfelszerelts\u00e9gk\u00e9nt elektronikus vez\u00e9rl\u00e9s\u0171 f\u00e9lakt\u00edv fut\u00f3m\u0171vel, valamint f\u0171t\u00f6tt markolatokkal, k\u00f6z\u00e9ps\u0151 \u00e1llv\u00e1nnyal \u00e9s be\u00e9p\u00edtett GPS-\u00e9rz\u00e9kel\u0151vel rendelkezik.<\/h3>\n<h3 style=\"text-align: center;\">Modern felfedez\u0151, egy MV \u00f6sszet\u00e9veszthetetlen eleganci\u00e1j\u00e1val.\u00a0Amikor a teljes\u00edtm\u00e9ny megfelel a k\u00e9nyelemnek.\u00a0A tipikus MV-lovagl\u00e1s \u00e9lm\u00e9nyeinek \u00e9lvezete nem felt\u00e9tlen\u00fcl jelenti a hossz\u00fa utaz\u00e1sok felad\u00e1s\u00e1t. A Turismo Veloce-t pontosan \u00fagy tervezt\u00e9k, hogy kompromisszumok n\u00e9lk\u00fcl kiel\u00e9g\u00edtse az vezet\u0151 minden ig\u00e9ny\u00e9t.<\/h3>\n<h3 style=\"text-align: center;\">Az eredm\u00e9ny egy igazi versenylelk\u0171 t\u00faramotor.<\/h3>\n<p>&nbsp;<\/p>\n<p><iframe loading=\"lazy\" title=\"MV AGUSTA TURISMO VELOCE 800 LUSSO SCS 2020 Swiss-Moto\" width=\"525\" height=\"295\" src=\"https:\/\/www.youtube.com\/embed\/udQ968ubN1Y?feature=oembed\" frameborder=\"0\" allow=\"accelerometer; autoplay; clipboard-write; encrypted-media; gyroscope; picture-in-picture; web-share\" referrerpolicy=\"strict-origin-when-cross-origin\" allowfullscreen><\/iframe><\/p>\n<h3 style=\"text-align: center;\"><strong>V\u00e1s\u00e1rl\u00e1s\u00e9rt kattints a linkre!<\/strong><\/h3>\n<p>https:\/\/www.motorrendeles.hu\/termek\/mv-agusta-turismo-veloce-lusso\/<\/p>\n<p>&nbsp;<\/p>\n","protected":false},"excerpt":{"rendered":"<p>Az MV Agusta valaha k\u00e9sz\u00fclt legmer\u00e9szebb ker\u00e9kp\u00e1rja! A Turismo Veloce 800 Lusso t\u00f6k\u00e9letes kombin\u00e1ci\u00f3t jelent a puszta vezet\u00e9si \u00e9lm\u00e9ny \u00e9s a v\u00e9gtelen utaz\u00e1s sz\u00e1m\u00e1ra.\u00a0 &#8222;Ez\u00fattal nem a 75 vil\u00e1gbajnoki c\u00edm\u00fcnkb\u0151l vagy a legend\u00e1s versenyz\u0151inkb\u0151l vett\u00fck az inspir\u00e1ci\u00f3t \u00faj sebess\u00e9g- vagy teljes\u00edtm\u00e9nyrekordok fel\u00e1ll\u00edt\u00e1s\u00e1hoz. Elfogadtuk a kih\u00edv\u00e1st, amely tal\u00e1n m\u00e9g nehezebb volt, legal\u00e1bbis sz\u00e1munkra, akik otthon \u00e9rezz\u00fck &hellip; <\/p>\n<p class=\"link-more\"><a href=\"https:\/\/turismo-veloce.hu\/index.php\/2020\/09\/25\/turismo-veloce-800-lusso\/\" class=\"more-link\"><span class=\"screen-reader-text\">&#8222;Mv Agusta Turismo Veloce 800 Lusso&#8221;<\/span> b\u0151vebben<\/a><\/p>\n","protected":false},"author":5,"featured_media":13,"comment_status":"closed","ping_status":"open","sticky":false,"template":"","format":"standard","meta":{"content-type":"","_jetpack_memberships_contains_paid_content":false,"footnotes":""},"categories":[1],"tags":[],"class_list":["post-12","post","type-post","status-publish","format-standard","has-post-thumbnail","hentry","category-egyeb"],"jetpack_featured_media_url":"https:\/\/turismo-veloce.hu\/wp-content\/uploads\/2020\/09\/sites_default_files_bikes_52_mdp0773.jpg","jetpack_sharing_enabled":true,"_links":{"self":[{"href":"https:\/\/turismo-veloce.hu\/index.php\/wp-json\/wp\/v2\/posts\/12","targetHints":{"allow":["GET"]}}],"collection":[{"href":"https:\/\/turismo-veloce.hu\/index.php\/wp-json\/wp\/v2\/posts"}],"about":[{"href":"https:\/\/turismo-veloce.hu\/index.php\/wp-json\/wp\/v2\/types\/post"}],"author":[{"embeddable":true,"href":"https:\/\/turismo-veloce.hu\/index.php\/wp-json\/wp\/v2\/users\/5"}],"replies":[{"embeddable":true,"href":"https:\/\/turismo-veloce.hu\/index.php\/wp-json\/wp\/v2\/comments?post=12"}],"version-history":[{"count":7,"href":"https:\/\/turismo-veloce.hu\/index.php\/wp-json\/wp\/v2\/posts\/12\/revisions"}],"predecessor-version":[{"id":89,"href":"https:\/\/turismo-veloce.hu\/index.php\/wp-json\/wp\/v2\/posts\/12\/revisions\/89"}],"wp:featuredmedia":[{"embeddable":true,"href":"https:\/\/turismo-veloce.hu\/index.php\/wp-json\/wp\/v2\/media\/13"}],"wp:attachment":[{"href":"https:\/\/turismo-veloce.hu\/index.php\/wp-json\/wp\/v2\/media?parent=12"}],"wp:term":[{"taxonomy":"category","embeddable":true,"href":"https:\/\/turismo-veloce.hu\/index.php\/wp-json\/wp\/v2\/categories?post=12"},{"taxonomy":"post_tag","embeddable":true,"href":"https:\/\/turismo-veloce.hu\/index.php\/wp-json\/wp\/v2\/tags?post=12"}],"curies":[{"name":"wp","href":"https:\/\/api.w.org\/{rel}","templated":true}]}}