{"id":160,"date":"2025-09-29T07:00:57","date_gmt":"2025-09-29T07:00:57","guid":{"rendered":"https:\/\/www.turismo-veloce.hu\/index.php\/2025\/09\/29\/motogp-miert-zarja-ki-marquez-t-a-9-vilagbajnoksagbol\/"},"modified":"2025-09-29T07:00:57","modified_gmt":"2025-09-29T07:00:57","slug":"motogp-miert-zarja-ki-marquez-t-a-9-vilagbajnoksagbol","status":"publish","type":"post","link":"https:\/\/turismo-veloce.hu\/index.php\/2025\/09\/29\/motogp-miert-zarja-ki-marquez-t-a-9-vilagbajnoksagbol\/","title":{"rendered":"MotoGP: Mi\u00e9rt z\u00e1rja ki Marquez-t a 9. vil\u00e1gbajnoks\u00e1gb\u00f3l?"},"content":{"rendered":"<figure><img decoding=\"async\" src=\"https:\/\/www.turismo-veloce.hu\/wp-content\/uploads\/2025\/09\/img_1123.jpg\" alt=\"MotoGP: Mi\u00e9rt z\u00e1rja ki Marquez-t a 9. vil\u00e1gbajnoks\u00e1gb\u00f3l?\" style=\"width:100%;margin-bottom:1em;\" title=\"\"><\/figure>\n<div class=\"related-posts\" style=\"margin:1em 0 1.2em 0;padding:0.8em;border:1px solid #eee;border-radius:6px;background:#fafafa;\"><strong>Kapcsol\u00f3d\u00f3 bejegyz\u00e9sek<\/strong><\/p>\n<ul style=\"margin:0.5em 0 0 1.2em;\">\n<li><a href=\"https:\/\/www.turismo-veloce.hu\/index.php\/2025\/09\/29\/pokemon-t-lovagolhatsz-a-hetvegen-de-van-egy-csavar\/\">Pok\u00e9mon-t lovagolhatsz a h\u00e9tv\u00e9g\u00e9n, de van egy csavar!<\/a><\/li>\n<\/ul>\n<\/div>\n<p>### Mi\u00e9rt fosztj\u00e1k meg Marc Marquezt a kilencedik vil\u00e1gbajnoki c\u00edm\u00e9t\u0151l?<\/p>\n<p>A MotoGP vil\u00e1g\u00e1ban az izgalmak \u00e9s a dr\u00e1m\u00e1k sosem hi\u00e1nyoznak, de amit most Marc Marquez k\u00f6r\u00fcl tapasztalunk, az m\u00e9g a legedzettebb rajong\u00f3kat is meglepi. A spanyol motorversenyz\u0151, aki m\u00e1r nyolc vil\u00e1gbajnoki c\u00edmmel b\u00fcszk\u00e9lkedhet, most azzal a lehet\u0151s\u00e9ggel n\u00e9z szembe, hogy nem \u00fcnnepelheti meg kilencedik vil\u00e1gbajnoki c\u00edm\u00e9t, m\u00e9g ha meg is nyern\u00e9 azt a h\u00e9tv\u00e9g\u00e9n. De mi \u00e1llhat ennek a p\u00e9ld\u00e1tlan d\u00f6nt\u00e9snek a h\u00e1tter\u00e9ben?<\/p>\n<p>#### A Dorna d\u00f6nt\u00e9se<\/p>\n<p>A Dorna, amely a MotoGP vil\u00e1gbajnoks\u00e1got szervezi, egy olyan d\u00f6nt\u00e9st hozott, amely sokak sz\u00e1m\u00e1ra \u00e9rthetetlen. B\u00e1r a r\u00e9szletek nem teljesen vil\u00e1gosak, az indokl\u00e1s szerint a d\u00f6nt\u00e9s h\u00e1tter\u00e9ben a sport\u00e1g integrit\u00e1s\u00e1nak v\u00e9delme \u00e1ll. Ez azonban csak tov\u00e1bb n\u00f6velte a tal\u00e1lgat\u00e1sokat \u00e9s a fesz\u00fclts\u00e9get a versenyk\u00f6r\u00f6kben.<\/p>\n<p>#### Mit jelent ez a sport\u00e1g sz\u00e1m\u00e1ra?<\/p>\n<p>A MotoGP, mint minden m\u00e1s motorsport, nemcsak a sebess\u00e9gr\u0151l \u00e9s az \u00fcgyess\u00e9gr\u0151l sz\u00f3l, hanem a versenyszellem \u00e9s a tisztess\u00e9g is elengedhetetlen r\u00e9sze. Ha egy olyan ikonikus versenyz\u0151, mint Marquez, aki m\u00e1r sz\u00e1mtalanszor bizony\u00edtotta tehets\u00e9g\u00e9t \u00e9s kitart\u00e1s\u00e1t, nem \u00fcnnepelheti meg egy \u00fajabb c\u00edm\u00e9t, az sok k\u00e9rd\u00e9st vet fel a sport j\u00f6v\u0151j\u00e9vel kapcsolatban.<\/p>\n<p>#### A rajong\u00f3k reakci\u00f3i<\/p>\n<p>Term\u00e9szetesen a rajong\u00f3k sem maradtak csendben. Az interneten \u00e9s a k\u00f6z\u00f6ss\u00e9gi m\u00e9di\u00e1ban sokan fejezt\u00e9k ki el\u00e9gedetlens\u00e9g\u00fcket \u00e9s \u00e9rtetlens\u00e9g\u00fcket a Dorna d\u00f6nt\u00e9se miatt. Sokan \u00fagy \u00e9rzik, hogy ez a l\u00e9p\u00e9s nemcsak Marquezzel, hanem az eg\u00e9sz MotoGP k\u00f6z\u00f6ss\u00e9ggel szemben is igazs\u00e1gtalan.<\/p>\n<p>#### Mi v\u00e1rhat\u00f3 a j\u00f6v\u0151ben?<\/p>\n<p>Egyel\u0151re nem tudni, hogy a Dorna d\u00f6nt\u00e9se hogyan befoly\u00e1solja majd a j\u00f6v\u0151beli versenyeket \u00e9s a sport\u00e1g meg\u00edt\u00e9l\u00e9s\u00e9t. Az azonban biztos, hogy a k\u00f6vetkez\u0151 hetekben \u00e9s h\u00f3napokban sz\u00e1mos diskurzus \u00e9s vita v\u00e1rhat\u00f3 a t\u00e9m\u00e1ban. A MotoGP rajong\u00f3k, szak\u00e9rt\u0151k \u00e9s versenyz\u0151k egyar\u00e1nt figyelemmel k\u00eds\u00e9rik majd a fejlem\u00e9nyeket, \u00e9s rem\u00e9lhet\u0151leg v\u00e1laszt kapnak a k\u00e9rd\u00e9seikre.<\/p>\n<p>\u00d6sszess\u00e9g\u00e9ben Marc Marquez \u00e9s a MotoGP k\u00f6z\u00f6ss\u00e9g jelenleg egy izgalmas, de egyben megoszt\u00f3 id\u0151szakot \u00e9l \u00e1t. Hogy ez a t\u00f6rt\u00e9net hogyan z\u00e1rul, az m\u00e9g a j\u00f6v\u0151 zen\u00e9je, de az biztos, hogy a sport\u00e1g t\u00f6rt\u00e9net\u00e9nek egyik legeml\u00e9kezetesebb fejezet\u00e9t \u00e9lj\u00fck meg.<\/p>\n","protected":false},"excerpt":{"rendered":"<p>Marc Marquez won&#8217;t be allowed to celebrate his ninth world championship, should he win this weekend. These are our thoughts about this unprecedented move by Dorna&#8230;.<\/p>\n","protected":false},"author":6,"featured_media":159,"comment_status":"","ping_status":"open","sticky":false,"template":"","format":"standard","meta":{"content-type":"","_jetpack_memberships_contains_paid_content":false,"footnotes":""},"categories":[1],"tags":[9,7,4,10,8],"class_list":["post-160","post","type-post","status-publish","format-standard","has-post-thumbnail","hentry","category-egyeb","tag-dorna","tag-marc-marquez","tag-motogp","tag-motorsport","tag-vilagbajnoksag"],"jetpack_featured_media_url":"https:\/\/turismo-veloce.hu\/wp-content\/uploads\/2025\/09\/img_1123.jpg","jetpack_sharing_enabled":true,"_links":{"self":[{"href":"https:\/\/turismo-veloce.hu\/index.php\/wp-json\/wp\/v2\/posts\/160","targetHints":{"allow":["GET"]}}],"collection":[{"href":"https:\/\/turismo-veloce.hu\/index.php\/wp-json\/wp\/v2\/posts"}],"about":[{"href":"https:\/\/turismo-veloce.hu\/index.php\/wp-json\/wp\/v2\/types\/post"}],"author":[{"embeddable":true,"href":"https:\/\/turismo-veloce.hu\/index.php\/wp-json\/wp\/v2\/users\/6"}],"replies":[{"embeddable":true,"href":"https:\/\/turismo-veloce.hu\/index.php\/wp-json\/wp\/v2\/comments?post=160"}],"version-history":[{"count":0,"href":"https:\/\/turismo-veloce.hu\/index.php\/wp-json\/wp\/v2\/posts\/160\/revisions"}],"wp:featuredmedia":[{"embeddable":true,"href":"https:\/\/turismo-veloce.hu\/index.php\/wp-json\/wp\/v2\/media\/159"}],"wp:attachment":[{"href":"https:\/\/turismo-veloce.hu\/index.php\/wp-json\/wp\/v2\/media?parent=160"}],"wp:term":[{"taxonomy":"category","embeddable":true,"href":"https:\/\/turismo-veloce.hu\/index.php\/wp-json\/wp\/v2\/categories?post=160"},{"taxonomy":"post_tag","embeddable":true,"href":"https:\/\/turismo-veloce.hu\/index.php\/wp-json\/wp\/v2\/tags?post=160"}],"curies":[{"name":"wp","href":"https:\/\/api.w.org\/{rel}","templated":true}]}}